{"id":95815,"date":"2026-09-02T22:58:03","date_gmt":"2026-09-02T20:58:03","guid":{"rendered":"https:\/\/malagon.es\/?p=95815"},"modified":"2026-09-02T22:58:03","modified_gmt":"2026-09-02T20:58:03","slug":"manifestacion-en-la-plaza-del-ayuntamiento-en-apoyo-a-la-ciudad-autonoma-de-ceuta","status":"publish","type":"post","link":"https:\/\/malagon.es\/?p=95815","title":{"rendered":"MANIFESTACI\u00d3N EN LA PLAZA DEL AYUNTAMIENTO EN APOYO A LA CIUDAD AUT\u00d3NOMA DE CEUTA."},"content":{"rendered":"<p>MANIFESTACI\u00d3N EN LA PLAZA DEL AYUNTAMIENTO EN APOYO A LA CIUDAD AUT\u00d3NOMA DE CEU<span style=\"font-size: 1.125rem;\">TA.<\/span><\/p>\n<p>Atendiendo a la dificil situaci\u00f3n que afronta la ciudad de Ceuta y tras el llamamiento de la FEMP como uno de los 8.132 ayuntamientos espa\u00f1oles convocados por la Federaci\u00f3n Espa\u00f1ola de Municipios y Provincias, en la tarde de hoy se ha producido en la Plaza del Ayuntamiento una manifestaci\u00f3n en apoyo la Ciudad Aut\u00f3noma, coincidiendo con la celebraci\u00f3n del D\u00eda de Ceuta.<\/p>\n<p>La teniente de alcalde del ayuntamiento de Malag\u00f3n, Olga Bastante Palomares, acompa\u00f1ada por Afrodisio Santos Santos, Carlos S\u00e1nchez Paez y \u00c1ngel Garc\u00eda Donaire, concejales del Equipo de Gobierno del Ayuntamiento de Malag\u00f3n, se ha dirigido a los numerosos asistentes, para mostrar el m\u00e1s firme apoyo y sin fisuras a Ceuta y a todos los ceut\u00edes ante la grav\u00edsima situaci\u00f3n que est\u00e1 viviendo la ciudad desde la entrada masiva e irregular de miles de personas por la frontera los d\u00edas 30 y 31 de julio.<\/p>\n<p>Ceuta y sus ciudadanos est\u00e1n afrontando una presi\u00f3n extraordinaria que est\u00e1 poniendo a prueba sus recursos, sus servicios p\u00fablicos y su capacidad para mantener la normalidad. Pero tambi\u00e9n est\u00e1 poniendo a prueba a Espa\u00f1a y su capacidad para proteger nuestras fronteras, garantizar la seguridad y defender la integridad de nuestro territorio.<\/p>\n<p>Por eso, desde Malag\u00f3n y desde miles de pueblos y ciudades de Espa\u00f1a hemos querido, pac\u00edficamente, alzar la voz con un mensaje claro y rotundo:<\/p>\n<p>Ceuta no est\u00e1 sola. Ceuta: es y ser\u00e1 siempre Espa\u00f1a.<\/p>\n<p>Tras la finalizaci\u00f3n de la lectura, Olga Bastante ha agradecido la presencia a todas las personas que han querido sumarse, con su presencia, al apoyo y a las muestras de solidaridad con esta ciudad.<\/p>\n<p>&nbsp;<\/p>\n<div id='gallery-1' class='gallery galleryid-95815 gallery-columns-3 gallery-size-thumbnail'><figure class='gallery-item'>\n\t\t\t<div class='gallery-icon portrait'>\n\t\t\t\t<a href='https:\/\/malagon.es\/?attachment_id=95816'><img width=\"150\" height=\"150\" src=\"https:\/\/malagon.es\/wp-content\/uploads\/2026\/09\/WhatsApp-Image-2026-09-02-at-22.41.33-150x150.jpeg\" class=\"attachment-thumbnail size-thumbnail\" alt=\"\" loading=\"lazy\" \/><\/a>\n\t\t\t<\/div><\/figure><figure class='gallery-item'>\n\t\t\t<div class='gallery-icon landscape'>\n\t\t\t\t<a href='https:\/\/malagon.es\/?attachment_id=95817'><img width=\"150\" height=\"150\" src=\"https:\/\/malagon.es\/wp-content\/uploads\/2026\/09\/WhatsApp-Image-2026-09-02-at-22.41.32-150x150.jpeg\" class=\"attachment-thumbnail size-thumbnail\" alt=\"\" loading=\"lazy\" \/><\/a>\n\t\t\t<\/div><\/figure><figure class='gallery-item'>\n\t\t\t<div class='gallery-icon landscape'>\n\t\t\t\t<a href='https:\/\/malagon.es\/?attachment_id=95818'><img width=\"150\" height=\"150\" src=\"https:\/\/malagon.es\/wp-content\/uploads\/2026\/09\/WhatsApp-Image-2026-09-02-at-20.41.48-6-150x150.jpeg\" class=\"attachment-thumbnail size-thumbnail\" alt=\"\" loading=\"lazy\" \/><\/a>\n\t\t\t<\/div><\/figure><figure class='gallery-item'>\n\t\t\t<div class='gallery-icon landscape'>\n\t\t\t\t<a href='https:\/\/malagon.es\/?attachment_id=95819'><img width=\"150\" height=\"150\" src=\"https:\/\/malagon.es\/wp-content\/uploads\/2026\/09\/WhatsApp-Image-2026-09-02-at-20.41.48-5-150x150.jpeg\" class=\"attachment-thumbnail size-thumbnail\" alt=\"\" loading=\"lazy\" \/><\/a>\n\t\t\t<\/div><\/figure><figure class='gallery-item'>\n\t\t\t<div class='gallery-icon landscape'>\n\t\t\t\t<a href='https:\/\/malagon.es\/?attachment_id=95820'><img width=\"150\" height=\"150\" src=\"https:\/\/malagon.es\/wp-content\/uploads\/2026\/09\/WhatsApp-Image-2026-09-02-at-20.41.48-4-150x150.jpeg\" class=\"attachment-thumbnail size-thumbnail\" alt=\"\" loading=\"lazy\" \/><\/a>\n\t\t\t<\/div><\/figure><figure class='gallery-item'>\n\t\t\t<div class='gallery-icon landscape'>\n\t\t\t\t<a href='https:\/\/malagon.es\/?attachment_id=95821'><img width=\"150\" height=\"150\" src=\"https:\/\/malagon.es\/wp-content\/uploads\/2026\/09\/WhatsApp-Image-2026-09-02-at-20.41.48-3-150x150.jpeg\" class=\"attachment-thumbnail size-thumbnail\" alt=\"\" loading=\"lazy\" \/><\/a>\n\t\t\t<\/div><\/figure><figure class='gallery-item'>\n\t\t\t<div class='gallery-icon landscape'>\n\t\t\t\t<a href='https:\/\/malagon.es\/?attachment_id=95822'><img width=\"150\" height=\"150\" src=\"https:\/\/malagon.es\/wp-content\/uploads\/2026\/09\/WhatsApp-Image-2026-09-02-at-20.41.48-1-150x150.jpeg\" class=\"attachment-thumbnail size-thumbnail\" alt=\"\" loading=\"lazy\" \/><\/a>\n\t\t\t<\/div><\/figure><figure class='gallery-item'>\n\t\t\t<div class='gallery-icon landscape'>\n\t\t\t\t<a href='https:\/\/malagon.es\/?attachment_id=95823'><img width=\"150\" height=\"150\" src=\"https:\/\/malagon.es\/wp-content\/uploads\/2026\/09\/WhatsApp-Image-2026-09-02-at-20.41.48-150x150.jpeg\" class=\"attachment-thumbnail size-thumbnail\" alt=\"\" loading=\"lazy\" \/><\/a>\n\t\t\t<\/div><\/figure><figure class='gallery-item'>\n\t\t\t<div class='gallery-icon landscape'>\n\t\t\t\t<a href='https:\/\/malagon.es\/?attachment_id=95824'><img width=\"150\" height=\"150\" src=\"https:\/\/malagon.es\/wp-content\/uploads\/2026\/09\/WhatsApp-Image-2026-09-02-at-20.41.47-9-150x150.jpeg\" class=\"attachment-thumbnail size-thumbnail\" alt=\"\" loading=\"lazy\" \/><\/a>\n\t\t\t<\/div><\/figure><figure class='gallery-item'>\n\t\t\t<div class='gallery-icon landscape'>\n\t\t\t\t<a href='https:\/\/malagon.es\/?attachment_id=95825'><img width=\"150\" height=\"150\" src=\"https:\/\/malagon.es\/wp-content\/uploads\/2026\/09\/WhatsApp-Image-2026-09-02-at-20.41.47-7-150x150.jpeg\" class=\"attachment-thumbnail size-thumbnail\" alt=\"\" loading=\"lazy\" \/><\/a>\n\t\t\t<\/div><\/figure><figure class='gallery-item'>\n\t\t\t<div class='gallery-icon landscape'>\n\t\t\t\t<a href='https:\/\/malagon.es\/?attachment_id=95826'><img width=\"150\" height=\"150\" src=\"https:\/\/malagon.es\/wp-content\/uploads\/2026\/09\/WhatsApp-Image-2026-09-02-at-20.41.47-6-150x150.jpeg\" class=\"attachment-thumbnail size-thumbnail\" alt=\"\" loading=\"lazy\" \/><\/a>\n\t\t\t<\/div><\/figure><figure class='gallery-item'>\n\t\t\t<div class='gallery-icon landscape'>\n\t\t\t\t<a href='https:\/\/malagon.es\/?attachment_id=95827'><img width=\"150\" height=\"150\" src=\"https:\/\/malagon.es\/wp-content\/uploads\/2026\/09\/WhatsApp-Image-2026-09-02-at-20.41.47-3-150x150.jpeg\" class=\"attachment-thumbnail size-thumbnail\" alt=\"\" loading=\"lazy\" \/><\/a>\n\t\t\t<\/div><\/figure><figure class='gallery-item'>\n\t\t\t<div class='gallery-icon portrait'>\n\t\t\t\t<a href='https:\/\/malagon.es\/?attachment_id=95828'><img width=\"150\" height=\"150\" src=\"https:\/\/malagon.es\/wp-content\/uploads\/2026\/09\/WhatsApp-Image-2026-09-02-at-20.41.47-1-150x150.jpeg\" class=\"attachment-thumbnail size-thumbnail\" alt=\"\" loading=\"lazy\" \/><\/a>\n\t\t\t<\/div><\/figure>\n\t\t<\/div>\n\n","protected":false},"excerpt":{"rendered":"<p>MANIFESTACI\u00d3N EN LA PLAZA DEL AYUNTAMIENTO EN APOYO A LA CIUDAD AUT\u00d3NOMA DE CEUTA. Atendiendo a la dificil situaci\u00f3n que afronta la ciudad de Ceuta y tras el llamamiento de la FEMP como uno de los 8.132 ayuntamientos espa\u00f1oles convocados por la Federaci\u00f3n Espa\u00f1ola de Municipios y Provincias, en la<\/p>\n","protected":false},"author":1,"featured_media":95816,"comment_status":"closed","ping_status":"open","sticky":false,"template":"","format":"standard","meta":[],"categories":[522],"tags":[],"_links":{"self":[{"href":"https:\/\/malagon.es\/index.php?rest_route=\/wp\/v2\/posts\/95815"}],"collection":[{"href":"https:\/\/malagon.es\/index.php?rest_route=\/wp\/v2\/posts"}],"about":[{"href":"https:\/\/malagon.es\/index.php?rest_route=\/wp\/v2\/types\/post"}],"author":[{"embeddable":true,"href":"https:\/\/malagon.es\/index.php?rest_route=\/wp\/v2\/users\/1"}],"replies":[{"embeddable":true,"href":"https:\/\/malagon.es\/index.php?rest_route=%2Fwp%2Fv2%2Fcomments&post=95815"}],"version-history":[{"count":1,"href":"https:\/\/malagon.es\/index.php?rest_route=\/wp\/v2\/posts\/95815\/revisions"}],"predecessor-version":[{"id":95829,"href":"https:\/\/malagon.es\/index.php?rest_route=\/wp\/v2\/posts\/95815\/revisions\/95829"}],"wp:featuredmedia":[{"embeddable":true,"href":"https:\/\/malagon.es\/index.php?rest_route=\/wp\/v2\/media\/95816"}],"wp:attachment":[{"href":"https:\/\/malagon.es\/index.php?rest_route=%2Fwp%2Fv2%2Fmedia&parent=95815"}],"wp:term":[{"taxonomy":"category","embeddable":true,"href":"https:\/\/malagon.es\/index.php?rest_route=%2Fwp%2Fv2%2Fcategories&post=95815"},{"taxonomy":"post_tag","embeddable":true,"href":"https:\/\/malagon.es\/index.php?rest_route=%2Fwp%2Fv2%2Ftags&post=95815"}],"curies":[{"name":"wp","href":"https:\/\/api.w.org\/{rel}","templated":true}]}}