{"id":95791,"date":"2026-08-31T15:35:19","date_gmt":"2026-08-31T13:35:19","guid":{"rendered":"https:\/\/malagon.es\/?p=95791"},"modified":"2026-08-31T15:35:30","modified_gmt":"2026-08-31T13:35:30","slug":"malagon-se-prepara-para-vivir-un-gran-dia-de-futbol-base-con-un-torneo-que-reunira-a-mas-de-800-ninos-y-que-contara-con-la-presencia-de-las-canteras-de-grandes-equipos-de-primera-division","status":"publish","type":"post","link":"https:\/\/malagon.es\/?p=95791","title":{"rendered":"Malag\u00f3n se prepara para vivir un gran d\u00eda de f\u00fatbol base con un torneo que reunir\u00e1 a m\u00e1s de 800 ni\u00f1os y que contar\u00e1 con la presencia de las canteras de grandes equipos de primera divisi\u00f3n."},"content":{"rendered":"<p><strong>Malag\u00f3n se prepara para vivir un gran d\u00eda de f\u00fatbol base con un torneo que reunir\u00e1 a m\u00e1s de 800 ni\u00f1os y que contar\u00e1 con la presencia de las canteras de grandes equipos de primera divisi\u00f3n.<\/strong><\/p>\n<p>Posteriormente a la presentaci\u00f3n del programa de la Feria y Fiestas en honor al Sant\u00edsimo Cristo del Esp\u00edritu Santo, el alcalde de Malag\u00f3n, Adri\u00e1n Fern\u00e1ndez Herguido ha presentado una de las grandes novedades del calendario deportivo en esta Feria: Se trata del <strong>I Torneo de F\u00fatbol Base Feria y Fiestas Malag\u00f3n 2026<\/strong>, que se celebrar\u00e1 el pr\u00f3ximo <strong>s\u00e1bado 12 de septiembre en el Polideportivo Municipal F\u00e9lix Barrero<\/strong>.<\/p>\n<p><strong>Adri\u00e1n Fern\u00e1ndez Herguido<\/strong>, que ha estado acompa\u00f1ado por el concejal de Deportes, <strong>Carlos S\u00e1nchez P\u00e1ez<\/strong>; el coordinador de Deportes, <strong>Juan Venancio Donaire Palomares<\/strong>; y el concejal de Festejos, <strong>Afrodisio Santos Santos<\/strong>, ha dado a conocer los detalles de un evento que pretende convertir a nuestro pueblo, durante una jornada, en uno de los grandes puntos de encuentro del f\u00fatbol base nacional.<\/p>\n<p>\u26bdEl torneo estar\u00e1 dedicado a las categor\u00edas <strong>prebenjam\u00edn y benjam\u00edn<\/strong> y contar\u00e1 con la participaci\u00f3n de algunas de las canteras m\u00e1s importantes del f\u00fatbol espa\u00f1ol. Entre ellas estar\u00e1n las del <strong>Atl\u00e9tico de Madrid, Getafe CF, Rayo Vallecano y CD Legan\u00e9s<\/strong>, adem\u00e1s de una <strong>selecci\u00f3n andaluza<\/strong> y numerosos clubes de la provincia de Ciudad Real.<\/p>\n<p>Uno de los mayores atractivos del campeonato ser\u00e1, adem\u00e1s, la presencia de la <strong>Academia Toni Kroos<\/strong>, que participar\u00e1 con sus j\u00f3venes futbolistas en una cita que tambi\u00e9n contar\u00e1 con la presencia de un conjunto extreme\u00f1o habituado a participar en eventos de car\u00e1cter europeo, as\u00ed como del <strong>Calvo Sotelo<\/strong> y de pr\u00e1cticamente todos los equipos de la provincia.<\/p>\n<p>En total, el torneo est\u00e1 llamado a congregar a <strong>m\u00e1s de 800 ni\u00f1os<\/strong> durante la jornada del 12 de septiembre. M\u00e1s de ochocientos ni\u00f1os que estar\u00e1n acompa\u00f1ados por familiares, entrenadores y aficionados, lo que supondr\u00e1 tambi\u00e9n un importante movimiento de visitantes y una extraordinaria oportunidad para proyectar la imagen de Malag\u00f3n m\u00e1s all\u00e1 de nuestras fronteras provinciales.<\/p>\n<p>Durante la presentaci\u00f3n de este important\u00edsimo evento, el alcalde <strong>Adri\u00e1n Fern\u00e1ndez Herguido<\/strong> destac\u00f3 la dimensi\u00f3n del acontecimiento y asegur\u00f3 que <em>\u00abestamos preparados para afrontar un evento de estas caracter\u00edsticas\u00bb<\/em>, subrayando que la celebraci\u00f3n de este torneo permitir\u00e1 que <strong>Malag\u00f3n se convierta en una referencia del f\u00fatbol base en toda Espa\u00f1a<\/strong>.<\/p>\n<p>Nuestro alcalde ha querido poner especialmente en valor el trabajo que se est\u00e1 realizando desde el \u00e1rea de Deportes y agradeci\u00f3 p\u00fablicamente la labor del concejal <strong>Carlos S\u00e1nchez P\u00e1ez<\/strong> y del coordinador de Deportes, <strong>Juan Venancio Donaire Palomares<\/strong>, cuya implicaci\u00f3n ha sido fundamental para hacer realidad un torneo de estas caracter\u00edsticas.<\/p>\n<p>El alcalde invit\u00f3 finalmente a todos los malagoneros a salir a la calle y acercarse al Polideportivo Municipal F\u00e9lix Barrero para disfrutar de <strong>\u00abun d\u00eda de f\u00fatbol total\u00bb<\/strong>, una jornada que estar\u00e1 protagonizada por los m\u00e1s peque\u00f1os y en el que Malag\u00f3n tendr\u00e1 la oportunidad de disfrutar, muy de cerca, del talento de algunas de las mejores canteras del pa\u00eds.<\/p>\n<p>As\u00ed pues, el pr\u00f3ximo <strong>12 de septiembre<\/strong>, y ya inmersos en plena Feria y Fiestas, el bal\u00f3n echar\u00e1 a rodar en Malag\u00f3n y nuestro pueblo ser\u00e1 el punto neur\u00e1lgico de la <strong>\u00a0gran fiesta del f\u00fatbol base espa\u00f1ol<\/strong>. \u26bd<\/p>\n<div id='gallery-1' class='gallery galleryid-95791 gallery-columns-3 gallery-size-thumbnail'><figure class='gallery-item'>\n\t\t\t<div class='gallery-icon landscape'>\n\t\t\t\t<a href='https:\/\/malagon.es\/?attachment_id=95792'><img width=\"150\" height=\"150\" src=\"https:\/\/malagon.es\/wp-content\/uploads\/2026\/08\/WhatsApp-Image-2026-08-31-at-13.54.25-1-150x150.jpeg\" class=\"attachment-thumbnail size-thumbnail\" alt=\"\" loading=\"lazy\" \/><\/a>\n\t\t\t<\/div><\/figure><figure class='gallery-item'>\n\t\t\t<div class='gallery-icon landscape'>\n\t\t\t\t<a href='https:\/\/malagon.es\/?attachment_id=95793'><img width=\"150\" height=\"150\" src=\"https:\/\/malagon.es\/wp-content\/uploads\/2026\/08\/WhatsApp-Image-2026-08-31-at-13.54.25-150x150.jpeg\" class=\"attachment-thumbnail size-thumbnail\" alt=\"\" loading=\"lazy\" \/><\/a>\n\t\t\t<\/div><\/figure><figure class='gallery-item'>\n\t\t\t<div class='gallery-icon portrait'>\n\t\t\t\t<a href='https:\/\/malagon.es\/?attachment_id=95794'><img width=\"150\" height=\"150\" src=\"https:\/\/malagon.es\/wp-content\/uploads\/2026\/08\/WhatsApp-Image-2026-08-31-at-13.54.26-3-150x150.jpeg\" class=\"attachment-thumbnail size-thumbnail\" alt=\"\" loading=\"lazy\" \/><\/a>\n\t\t\t<\/div><\/figure>\n\t\t<\/div>\n\n<p>&nbsp;<\/p>\n<p>&nbsp;<\/p>\n<p>&nbsp;<\/p>\n<p>&nbsp;<\/p>\n<p>Principio del formulario<\/p>\n<p>Final del formulario<\/p>\n<p>&nbsp;<\/p>\n","protected":false},"excerpt":{"rendered":"<p>Malag\u00f3n se prepara para vivir un gran d\u00eda de f\u00fatbol base con un torneo que reunir\u00e1 a m\u00e1s de 800 ni\u00f1os y que contar\u00e1 con la presencia de las canteras de grandes equipos de primera divisi\u00f3n. Posteriormente a la presentaci\u00f3n del programa de la Feria y Fiestas en honor al<\/p>\n","protected":false},"author":1,"featured_media":95793,"comment_status":"closed","ping_status":"open","sticky":false,"template":"","format":"standard","meta":[],"categories":[522],"tags":[],"_links":{"self":[{"href":"https:\/\/malagon.es\/index.php?rest_route=\/wp\/v2\/posts\/95791"}],"collection":[{"href":"https:\/\/malagon.es\/index.php?rest_route=\/wp\/v2\/posts"}],"about":[{"href":"https:\/\/malagon.es\/index.php?rest_route=\/wp\/v2\/types\/post"}],"author":[{"embeddable":true,"href":"https:\/\/malagon.es\/index.php?rest_route=\/wp\/v2\/users\/1"}],"replies":[{"embeddable":true,"href":"https:\/\/malagon.es\/index.php?rest_route=%2Fwp%2Fv2%2Fcomments&post=95791"}],"version-history":[{"count":1,"href":"https:\/\/malagon.es\/index.php?rest_route=\/wp\/v2\/posts\/95791\/revisions"}],"predecessor-version":[{"id":95795,"href":"https:\/\/malagon.es\/index.php?rest_route=\/wp\/v2\/posts\/95791\/revisions\/95795"}],"wp:featuredmedia":[{"embeddable":true,"href":"https:\/\/malagon.es\/index.php?rest_route=\/wp\/v2\/media\/95793"}],"wp:attachment":[{"href":"https:\/\/malagon.es\/index.php?rest_route=%2Fwp%2Fv2%2Fmedia&parent=95791"}],"wp:term":[{"taxonomy":"category","embeddable":true,"href":"https:\/\/malagon.es\/index.php?rest_route=%2Fwp%2Fv2%2Fcategories&post=95791"},{"taxonomy":"post_tag","embeddable":true,"href":"https:\/\/malagon.es\/index.php?rest_route=%2Fwp%2Fv2%2Ftags&post=95791"}],"curies":[{"name":"wp","href":"https:\/\/api.w.org\/{rel}","templated":true}]}}