{"id":95786,"date":"2026-08-31T15:18:39","date_gmt":"2026-08-31T13:18:39","guid":{"rendered":"https:\/\/malagon.es\/?p=95786"},"modified":"2026-08-31T15:18:39","modified_gmt":"2026-08-31T13:18:39","slug":"el-ayuntamiento-de-malagon-presenta-su-feria-y-fiestas-2026-en-honor-al-santisimo-cristo-del-espiritu-santo","status":"publish","type":"post","link":"https:\/\/malagon.es\/?p=95786","title":{"rendered":"El Ayuntamiento de Malag\u00f3n presenta su Feria y Fiestas 2026 en honor al Sant\u00edsimo Cristo del Esp\u00edritu Santo"},"content":{"rendered":"<p>El Ayuntamiento de Malag\u00f3n presenta su Feria y Fiestas 2026 en honor al Sant\u00edsimo Cristo del Esp\u00edritu Santo<\/p>\n<p>En la ma\u00f1ana de hoy lunes, el alcalde de Malag\u00f3n, Adri\u00e1n Fern\u00e1ndez Herguido, acompa\u00f1ado por el concejal de Festejos, Cultura y Tradiciones Populares, Afrodisio Santos Santos y por la gran mayor\u00eda de los concejales que integran su equipo de Gobierno, ha presentado el programa de la Feria y Fiestas 2026 en honor al Sant\u00edsimo Cristo del Esp\u00edritu Santo que se celebrar\u00e1n del 12 al 18 de septiembre; una programaci\u00f3n pensada para todos los p\u00fablicos y que volver\u00e1 a intentar que se llenen de pura tradici\u00f3n, cultura, m\u00fasica, deportes y mucha diversi\u00f3n las calles y plazas de nuestro pueblo.<\/p>\n<p>El alcalde de Malag\u00f3n ha hablado del pregonero, que este a\u00f1o ser\u00e1 Alberto Dom\u00ednguez.<\/p>\n<p>Entre las grandes citas de esta Feria destaca especialmente el concierto de Medina Azahara, una de las grandes leyendas del rock nacional, que llegar\u00e1 al Recinto Ferial dentro de su gira de despedida \u201cTodo tiene su fin\u201d. A esta actuaci\u00f3n se suman otras propuestas musicales como los tributos a El Canto del Loco y Estopa, as\u00ed como la gran fiesta \u201cWe Love 80\u00b790\u00b700 The Remember\u201d que ofrecer\u00e1 una noche dedicada a los grandes \u00e9xitos de tres d\u00e9cadas.<\/p>\n<p>Tambi\u00e9n, y dentro de la programaci\u00f3n, tendr\u00e1 un protagonismo especial la CrazyFuck Circus Show, un espect\u00e1culo que combinar\u00e1 circo, performance, fuego, m\u00fasica y diversi\u00f3n el Recinto Ferial.<\/p>\n<p>Continuando en el plano musical, Adri\u00e1n Fern\u00e1ndez ha querido hacer especial hincapi\u00e9 en la Gala de Artistas Locales, una cita que permitir\u00e1 poner en valor el talento de nuestros vecinos y que tendr\u00e1 continuidad con la actuaci\u00f3n de Mar\u00eda Luna, artista malagonera que est\u00e1 triunfando en el panorama nacional y que presentar\u00e1 en su pueblo algunas de sus canciones.<\/p>\n<p>Adri\u00e1n tambi\u00e9n ha hablado de la pisada de la uva y del primer mosto, bajo los acordes de la Asociaci\u00f3n \u201cLarcurius\u201d, que se ofrecer\u00e1 al Sant\u00edsimo Cristo del Esp\u00edritu Santo.<\/p>\n<p>La programaci\u00f3n recupera tambi\u00e9n una de las grandes tradiciones de nuestras fiestas: los espect\u00e1culos taurinos. Este a\u00f1o Malag\u00f3n volver\u00e1 a contar con una corrida de toros, protagonizada por V\u00edctor Puerto y An\u00edbal Ruiz que torear\u00e1n dos toros cada uno de la prestigiosa ganader\u00eda de Alcurruc\u00e9n, en un festejo especialmente emotivo al suponer la \u00faltima corrida de V\u00edctor Puerto vestido de luces en la provincia de Ciudad Real, cerrar\u00e1 el cartel el novillero de Fernancaballero Juan Robles. Adem\u00e1s, despu\u00e9s de muchos a\u00f1os, regresar\u00e1 la suelta de vaquillas al Barrio del Castillo, una tradici\u00f3n que llevaba m\u00e1s de veinte a\u00f1os sin celebrarse y que el ayuntamiento ha querido recuperar.<\/p>\n<p>Adri\u00e1n Fern\u00e1ndez ha querido resaltar que tanto el festejo taurino como la suelta de vaquillas han sido posibles, en gran medida, gracias a la ayuda de la Diputaci\u00f3n de Ciudad Real.<\/p>\n<p>Las tradiciones populares volver\u00e1n a ocupar un lugar destacado con propuestas como el Concurso de Arada, el lanzamiento de reja, el concurso de habilidad con tractor, la petanca, el parch\u00eds, el domin\u00f3 o el tradicional Baile del Vermut, junto a numerosas actividades deportivas y culturales. Tambi\u00e9n de los torneos de mus, domin\u00f3 o ajedrez.<\/p>\n<p>Los m\u00e1s peque\u00f1os tambi\u00e9n tendr\u00e1n su protagonismo con una programaci\u00f3n espec\u00edfica con motivo del D\u00eda del Ni\u00f1o, el jueves, 17 de septiembre, \u00a0que incluir\u00e1 juegos, castillos hinchables, Fiesta de la Espuma, actividades infantiles y otras propuestas pensadas para disfrutar en familia y con las atracciones a mitad de precio.<\/p>\n<p>Adri\u00e1n tambi\u00e9n ha tenido un hueco para hablar del cartel de Feria con la imagen del Cristo del Esp\u00edritu Santo de 1818, previa a la imagen actual de nuestro Patr\u00f3n.<\/p>\n<p>Para finalizar esta presentaci\u00f3n, Adri\u00e1n Fern\u00e1ndez Herguido ha destacado que se trata de una programaci\u00f3n amplia, variada y dise\u00f1ada para todos los p\u00fablicos, con actividades gratuitas a excepci\u00f3n del espect\u00e1culo taurino, animando a todos los malagoneros y a quienes nos visiten durante estos d\u00edas a participar activamente y disfrutar de una Feria que quiere mantener vivas nuestras tradiciones al tiempo que incorpora nuevas propuestas de ocio y cultura.<\/p>\n<p>\u201cQueremos que estas sean unas fiestas para todos, unas fiestas para vivirlas juntos, para encontrarnos en nuestras calles y plazas y para disfrutar de Malag\u00f3n. Ser\u00e1 una Feria pensada en Malag\u00f3n para nuestros vecinos\u201d, ha se\u00f1alado el alcalde, invitando a vecinos y visitantes a participar en cada una de las actividades programadas.<\/p>\n<p>Por \u00faltimo, el alcalde ha querido agradecer al concejal de Festejos, Afrodisio Santos Santos y a todos los concejales del Equipo de Gobierno, su enorme trabajo en la planificaci\u00f3n y desarrollo de estas actividades. Tambi\u00e9n ha agradecido el trabajo a todos los trabajadores municipales que est\u00e1n haciendo y har\u00e1n todo lo posible para que la Feria se desarrolle y tambi\u00e9n a los cuerpos y seguridad, Polic\u00eda Local y Guardia Civil y a Protecci\u00f3n Civil por velar de nuestra seguridad en todo momento.<\/p>\n<div id='gallery-1' class='gallery galleryid-95786 gallery-columns-3 gallery-size-thumbnail'><figure class='gallery-item'>\n\t\t\t<div class='gallery-icon landscape'>\n\t\t\t\t<a href='https:\/\/malagon.es\/?attachment_id=95787'><img width=\"150\" height=\"150\" src=\"https:\/\/malagon.es\/wp-content\/uploads\/2026\/08\/WhatsApp-Image-2026-08-31-at-13.54.26-2-150x150.jpeg\" class=\"attachment-thumbnail size-thumbnail\" alt=\"\" loading=\"lazy\" \/><\/a>\n\t\t\t<\/div><\/figure><figure class='gallery-item'>\n\t\t\t<div class='gallery-icon landscape'>\n\t\t\t\t<a href='https:\/\/malagon.es\/?attachment_id=95788'><img width=\"150\" height=\"150\" src=\"https:\/\/malagon.es\/wp-content\/uploads\/2026\/08\/WhatsApp-Image-2026-08-31-at-13.54.26-1-150x150.jpeg\" class=\"attachment-thumbnail size-thumbnail\" alt=\"\" loading=\"lazy\" \/><\/a>\n\t\t\t<\/div><\/figure><figure class='gallery-item'>\n\t\t\t<div class='gallery-icon landscape'>\n\t\t\t\t<a href='https:\/\/malagon.es\/?attachment_id=95789'><img width=\"150\" height=\"150\" src=\"https:\/\/malagon.es\/wp-content\/uploads\/2026\/08\/WhatsApp-Image-2026-08-31-at-13.54.26-150x150.jpeg\" class=\"attachment-thumbnail size-thumbnail\" alt=\"\" loading=\"lazy\" \/><\/a>\n\t\t\t<\/div><\/figure>\n\t\t<\/div>\n\n","protected":false},"excerpt":{"rendered":"<p>El Ayuntamiento de Malag\u00f3n presenta su Feria y Fiestas 2026 en honor al Sant\u00edsimo Cristo del Esp\u00edritu Santo En la ma\u00f1ana de hoy lunes, el alcalde de Malag\u00f3n, Adri\u00e1n Fern\u00e1ndez Herguido, acompa\u00f1ado por el concejal de Festejos, Cultura y Tradiciones Populares, Afrodisio Santos Santos y por la gran mayor\u00eda de<\/p>\n","protected":false},"author":1,"featured_media":95787,"comment_status":"closed","ping_status":"open","sticky":false,"template":"","format":"standard","meta":[],"categories":[522],"tags":[],"_links":{"self":[{"href":"https:\/\/malagon.es\/index.php?rest_route=\/wp\/v2\/posts\/95786"}],"collection":[{"href":"https:\/\/malagon.es\/index.php?rest_route=\/wp\/v2\/posts"}],"about":[{"href":"https:\/\/malagon.es\/index.php?rest_route=\/wp\/v2\/types\/post"}],"author":[{"embeddable":true,"href":"https:\/\/malagon.es\/index.php?rest_route=\/wp\/v2\/users\/1"}],"replies":[{"embeddable":true,"href":"https:\/\/malagon.es\/index.php?rest_route=%2Fwp%2Fv2%2Fcomments&post=95786"}],"version-history":[{"count":1,"href":"https:\/\/malagon.es\/index.php?rest_route=\/wp\/v2\/posts\/95786\/revisions"}],"predecessor-version":[{"id":95790,"href":"https:\/\/malagon.es\/index.php?rest_route=\/wp\/v2\/posts\/95786\/revisions\/95790"}],"wp:featuredmedia":[{"embeddable":true,"href":"https:\/\/malagon.es\/index.php?rest_route=\/wp\/v2\/media\/95787"}],"wp:attachment":[{"href":"https:\/\/malagon.es\/index.php?rest_route=%2Fwp%2Fv2%2Fmedia&parent=95786"}],"wp:term":[{"taxonomy":"category","embeddable":true,"href":"https:\/\/malagon.es\/index.php?rest_route=%2Fwp%2Fv2%2Fcategories&post=95786"},{"taxonomy":"post_tag","embeddable":true,"href":"https:\/\/malagon.es\/index.php?rest_route=%2Fwp%2Fv2%2Ftags&post=95786"}],"curies":[{"name":"wp","href":"https:\/\/api.w.org\/{rel}","templated":true}]}}