{"id":94135,"date":"2026-04-17T14:10:49","date_gmt":"2026-04-17T12:10:49","guid":{"rendered":"https:\/\/malagon.es\/?p=94135"},"modified":"2026-04-17T14:29:21","modified_gmt":"2026-04-17T12:29:21","slug":"94135","status":"publish","type":"post","link":"https:\/\/malagon.es\/?p=94135","title":{"rendered":"El Ayuntamiento de Malag\u00f3n refuerza su apuesta por el proyecto \u00abHuellas de Teresa\u00bb en la II Edici\u00f3n de la entrega de Premios de esta red"},"content":{"rendered":"<div class=\"html-div xdj266r x14z9mp xat24cr x1lziwak xexx8yu xyri2b x18d9i69 x1c1uobl\">\n<div class=\"html-div xdj266r x14z9mp xat24cr x1lziwak xexx8yu xyri2b x18d9i69 x1c1uobl\">\n<div class=\"html-div xdj266r x14z9mp xat24cr x1lziwak xexx8yu xyri2b x18d9i69 x1c1uobl\">\n<div class=\"html-div xdj266r x14z9mp xat24cr x1lziwak xexx8yu xyri2b x18d9i69 x1c1uobl\">\n<div class=\"html-div xdj266r x14z9mp xat24cr x1lziwak xexx8yu xyri2b x18d9i69 x1c1uobl\" dir=\"auto\">\n<div class=\"html-div xdj266r x14z9mp xat24cr x1lziwak xexx8yu xyri2b x18d9i69 x1c1uobl\" data-ad-rendering-role=\"story_message\">\n<div class=\"x1l90r2v x1iorvi4 x1g0dm76 xpdmqnj\" data-ad-comet-preview=\"message\" data-ad-preview=\"message\">\n<div class=\"x78zum5 xdt5ytf xz62fqu x16ldp7u\">\n<div class=\"xu06os2 x1ok221b\">\n<div class=\"html-div xdj266r x14z9mp xat24cr x1lziwak xexx8yu xyri2b x18d9i69 x1c1uobl\">\n<div class=\"x14z9mp xat24cr x1lziwak x1vvkbs xtlvy1s x126k92a\">\n<div dir=\"auto\">En la jornada de ayer, el alcalde de Malag\u00f3n, Adri\u00e1n Fern\u00e1ndez Herguido, acompa\u00f1ado del concejal de Cultura y Tradiciones Populares, Afrodisio Santos Santos, y del coordinador de Cultura, Carmelo Fern\u00e1ndez Calvo, asistieron en la ciudad de Toledo a la II edici\u00f3n de los Premios Huellas de Teresa. Este acto, ya consolidado como una cita anual de referencia, reuni\u00f3 entre otros, al alcalde de Toledo, Carlos Vel\u00e1zquez Romo y otros representantes institucionales y culturales en torno al legado de Santa Teresa de Jes\u00fas <span class=\"html-span xexx8yu xyri2b x18d9i69 x1c1uobl x1hl2dhg x16tdsg8 x1vvkbs x3nfvp2 x1j61x8r x1fcty0u xdj266r xat24cr xm2jcoa x1mpyi22 xxymvpz xlup9mm x1kky2od\"><img loading=\"lazy\" class=\"xz74otr x15mokao x1ga7v0g x16uus16 xbiv7yw\" src=\"https:\/\/static.xx.fbcdn.net\/images\/emoji.php\/v9\/t89\/1\/16\/1f3db.png\" alt=\"\ufe0f\" width=\"16\" height=\"16\" \/><\/span>.<\/div>\n<\/div>\n<div dir=\"auto\"><\/div>\n<div class=\"x14z9mp xat24cr x1lziwak x1vvkbs xtlvy1s x126k92a\">\n<div dir=\"auto\">Como es habitual, el Ayuntamiento de Malag\u00f3n acudi\u00f3 a esta importante cita de la Red de Ciudades Teresianas con el objetivo de defender y promover los intereses culturales y tur\u00edsticos religiosos de nuestra localidad, reforzando su papel dentro de este proyecto com\u00fan y poniendo en valor su vinculaci\u00f3n con la figura de la Santa <span class=\"html-span xexx8yu xyri2b x18d9i69 x1c1uobl x1hl2dhg x16tdsg8 x1vvkbs x3nfvp2 x1j61x8r x1fcty0u xdj266r xat24cr xm2jcoa x1mpyi22 xxymvpz xlup9mm x1kky2od\"><img loading=\"lazy\" class=\"xz74otr x15mokao x1ga7v0g x16uus16 xbiv7yw\" src=\"https:\/\/static.xx.fbcdn.net\/images\/emoji.php\/v9\/t80\/1\/16\/1f64f.png\" alt=\"\" width=\"16\" height=\"16\" \/><\/span>.<\/div>\n<div dir=\"auto\"><\/div>\n<\/div>\n<div class=\"x14z9mp xat24cr x1lziwak x1vvkbs xtlvy1s x126k92a\">\n<div dir=\"auto\">La ceremonia tuvo lugar en la Sala Capitular del Ayuntamiento de Toledo, donde se reconoci\u00f3 la trayectoria de tres figuras destacadas: el cardenal Ricardo Bl\u00e1zquez, el dramaturgo Juan Mayorga y el exfutbolista y comentarista Jorge D\u2019Alessandro. Cada uno de ellos representa, desde \u00e1mbitos distintos, una manera de mantener viva la huella teresiana en la sociedad actual <span class=\"html-span xexx8yu xyri2b x18d9i69 x1c1uobl x1hl2dhg x16tdsg8 x1vvkbs x3nfvp2 x1j61x8r x1fcty0u xdj266r xat24cr xm2jcoa x1mpyi22 xxymvpz xlup9mm x1kky2od\"><img loading=\"lazy\" class=\"xz74otr x15mokao x1ga7v0g x16uus16 xbiv7yw\" src=\"https:\/\/static.xx.fbcdn.net\/images\/emoji.php\/v9\/tae\/1\/16\/1f3ad.png\" alt=\"\" width=\"16\" height=\"16\" \/><\/span>.<\/div>\n<div dir=\"auto\"><\/div>\n<\/div>\n<div class=\"x14z9mp xat24cr x1lziwak x1vvkbs xtlvy1s x126k92a\">\n<div dir=\"auto\">Durante el acto, se puso en valor la importancia de estos premios como un proyecto con vocaci\u00f3n de continuidad, que refuerza el compromiso de la Red de Ciudades Teresianas con la difusi\u00f3n del legado de la Santa. Tambi\u00e9n se destac\u00f3 que esta iniciativa no solo supone un reconocimiento puntual, sino una forma de mantener vigente su pensamiento y su influencia en el mundo contempor\u00e1neo <span class=\"html-span xexx8yu xyri2b x18d9i69 x1c1uobl x1hl2dhg x16tdsg8 x1vvkbs x3nfvp2 x1j61x8r x1fcty0u xdj266r xat24cr xm2jcoa x1mpyi22 xxymvpz xlup9mm x1kky2od\"><img loading=\"lazy\" class=\"xz74otr x15mokao x1ga7v0g x16uus16 xbiv7yw\" src=\"https:\/\/static.xx.fbcdn.net\/images\/emoji.php\/v9\/tf4\/1\/16\/2728.png\" alt=\"\u2728\" width=\"16\" height=\"16\" \/><\/span>.<\/div>\n<div dir=\"auto\"><\/div>\n<\/div>\n<div class=\"x14z9mp xat24cr x1lziwak x1vvkbs xtlvy1s x126k92a\">\n<div dir=\"auto\">Asimismo, se subray\u00f3 el significado especial de Toledo como sede de esta edici\u00f3n, por su estrecha vinculaci\u00f3n con la vida de Santa Teresa de Jes\u00fas. La ciudad, considerada uno de los lugares clave en su trayectoria vital, simboliza la permanencia de su legado, que sigue teniendo un profundo eco siglos despu\u00e9s de su paso <span class=\"html-span xexx8yu xyri2b x18d9i69 x1c1uobl x1hl2dhg x16tdsg8 x1vvkbs x3nfvp2 x1j61x8r x1fcty0u xdj266r xat24cr xm2jcoa x1mpyi22 xxymvpz xlup9mm x1kky2od\"><img loading=\"lazy\" class=\"xz74otr x15mokao x1ga7v0g x16uus16 xbiv7yw\" src=\"https:\/\/static.xx.fbcdn.net\/images\/emoji.php\/v9\/t3f\/1\/16\/1f30d.png\" alt=\"\" width=\"16\" height=\"16\" \/><\/span>.<\/div>\n<div dir=\"auto\"><\/div>\n<\/div>\n<div class=\"x14z9mp xat24cr x1lziwak x1vvkbs xtlvy1s x126k92a\">\n<div dir=\"auto\">En relaci\u00f3n con los galardonados, se resalt\u00f3 la figura de Ricardo Bl\u00e1zquez como uno de los principales transmisores de la espiritualidad teresiana, as\u00ed como la capacidad de Juan Mayorga para trasladar su mensaje al lenguaje actual a trav\u00e9s del teatro. Por su parte, Jorge D\u2019Alessandro fue reconocido como ejemplo de c\u00f3mo este legado tambi\u00e9n se refleja en la vida cotidiana y en \u00e1mbitos tan universales como el deporte <span class=\"html-span xexx8yu xyri2b x18d9i69 x1c1uobl x1hl2dhg x16tdsg8 x1vvkbs x3nfvp2 x1j61x8r x1fcty0u xdj266r xat24cr xm2jcoa x1mpyi22 xxymvpz xlup9mm x1kky2od\"><img loading=\"lazy\" class=\"xz74otr x15mokao x1ga7v0g x16uus16 xbiv7yw\" src=\"https:\/\/static.xx.fbcdn.net\/images\/emoji.php\/v9\/taf\/1\/16\/26bd.png\" alt=\"\u26bd\" width=\"16\" height=\"16\" \/><\/span>.<\/div>\n<div dir=\"auto\"><\/div>\n<\/div>\n<div class=\"x14z9mp xat24cr x1lziwak x1vvkbs xtlvy1s x126k92a\">\n<div dir=\"auto\">Como ya hemos contado, el acto cont\u00f3 con la presencia de representantes de distintas ciudades integrantes de la Red, as\u00ed como de autoridades civiles y eclesi\u00e1sticas, en una jornada que combin\u00f3 reconocimiento institucional, cultura y encuentro. Todo ello contribuy\u00f3 a reforzar los lazos entre las ciudades que comparten este patrimonio com\u00fan <span class=\"html-span xexx8yu xyri2b x18d9i69 x1c1uobl x1hl2dhg x16tdsg8 x1vvkbs x3nfvp2 x1j61x8r x1fcty0u xdj266r xat24cr xm2jcoa x1mpyi22 xxymvpz xlup9mm x1kky2od\"><img loading=\"lazy\" class=\"xz74otr x15mokao x1ga7v0g x16uus16 xbiv7yw\" src=\"https:\/\/static.xx.fbcdn.net\/images\/emoji.php\/v9\/t64\/1\/16\/1f91d.png\" alt=\"\" width=\"16\" height=\"16\" \/><\/span>.<\/div>\n<div dir=\"auto\"><\/div>\n<\/div>\n<div class=\"x14z9mp xat24cr x1lziwak x1vvkbs xtlvy1s x126k92a\">\n<div dir=\"auto\">Con esta segunda edici\u00f3n, los Premios Huellas de Teresa contin\u00faan consolid\u00e1ndose como una iniciativa estable que seguir\u00e1 reconociendo en el futuro a personas que contribuyan a mantener viva la figura y el legado de Santa Teresa de Jes\u00fas, proyect\u00e1ndolo hacia las nuevas generaciones <span class=\"html-span xexx8yu xyri2b x18d9i69 x1c1uobl x1hl2dhg x16tdsg8 x1vvkbs x3nfvp2 x1j61x8r x1fcty0u xdj266r xat24cr xm2jcoa x1mpyi22 xxymvpz xlup9mm x1kky2od\"><img loading=\"lazy\" class=\"xz74otr x15mokao x1ga7v0g x16uus16 xbiv7yw\" src=\"https:\/\/static.xx.fbcdn.net\/images\/emoji.php\/v9\/t49\/1\/16\/1f4da.png\" alt=\"\" width=\"16\" height=\"16\" \/><\/span>.<\/div>\n<div dir=\"auto\">\n<div id='gallery-1' class='gallery galleryid-94135 gallery-columns-3 gallery-size-thumbnail'><figure class='gallery-item'>\n\t\t\t<div class='gallery-icon landscape'>\n\t\t\t\t<a href='https:\/\/malagon.es\/?attachment_id=94136'><img width=\"150\" height=\"150\" src=\"https:\/\/malagon.es\/wp-content\/uploads\/2026\/04\/672667756_1367196428767641_6478899542099468652_n-1-150x150.jpg\" class=\"attachment-thumbnail size-thumbnail\" alt=\"\" loading=\"lazy\" \/><\/a>\n\t\t\t<\/div><\/figure><figure class='gallery-item'>\n\t\t\t<div class='gallery-icon landscape'>\n\t\t\t\t<a href='https:\/\/malagon.es\/?attachment_id=94137'><img width=\"150\" height=\"150\" src=\"https:\/\/malagon.es\/wp-content\/uploads\/2026\/04\/672668963_1367196592100958_8401762424070444836_n-150x150.jpg\" class=\"attachment-thumbnail size-thumbnail\" alt=\"\" loading=\"lazy\" \/><\/a>\n\t\t\t<\/div><\/figure><figure class='gallery-item'>\n\t\t\t<div class='gallery-icon portrait'>\n\t\t\t\t<a href='https:\/\/malagon.es\/?attachment_id=94138'><img width=\"150\" height=\"150\" src=\"https:\/\/malagon.es\/wp-content\/uploads\/2026\/04\/673441770_1367196585434292_6819445922709259636_n-150x150.jpg\" class=\"attachment-thumbnail size-thumbnail\" alt=\"\" loading=\"lazy\" \/><\/a>\n\t\t\t<\/div><\/figure><figure class='gallery-item'>\n\t\t\t<div class='gallery-icon landscape'>\n\t\t\t\t<a href='https:\/\/malagon.es\/?attachment_id=94139'><img width=\"150\" height=\"150\" src=\"https:\/\/malagon.es\/wp-content\/uploads\/2026\/04\/673110191_1367196518767632_2662991852581676291_n-150x150.jpg\" class=\"attachment-thumbnail size-thumbnail\" alt=\"\" loading=\"lazy\" \/><\/a>\n\t\t\t<\/div><\/figure><figure class='gallery-item'>\n\t\t\t<div class='gallery-icon portrait'>\n\t\t\t\t<a href='https:\/\/malagon.es\/?attachment_id=94140'><img width=\"150\" height=\"150\" src=\"https:\/\/malagon.es\/wp-content\/uploads\/2026\/04\/673812286_1367196422100975_4171629144621416835_n-150x150.jpg\" class=\"attachment-thumbnail size-thumbnail\" alt=\"\" loading=\"lazy\" \/><\/a>\n\t\t\t<\/div><\/figure><figure class='gallery-item'>\n\t\t\t<div class='gallery-icon landscape'>\n\t\t\t\t<a href='https:\/\/malagon.es\/?attachment_id=94141'><img width=\"150\" height=\"150\" src=\"https:\/\/malagon.es\/wp-content\/uploads\/2026\/04\/672276135_1367196632100954_7931928647157477116_n-150x150.jpg\" class=\"attachment-thumbnail size-thumbnail\" alt=\"\" loading=\"lazy\" \/><\/a>\n\t\t\t<\/div><\/figure><figure class='gallery-item'>\n\t\t\t<div class='gallery-icon portrait'>\n\t\t\t\t<a href='https:\/\/malagon.es\/?attachment_id=94142'><img width=\"150\" height=\"150\" src=\"https:\/\/malagon.es\/wp-content\/uploads\/2026\/04\/671877414_1367196492100968_1369555138888187080_n-150x150.jpg\" class=\"attachment-thumbnail size-thumbnail\" alt=\"\" loading=\"lazy\" \/><\/a>\n\t\t\t<\/div><\/figure><figure class='gallery-item'>\n\t\t\t<div class='gallery-icon landscape'>\n\t\t\t\t<a href='https:\/\/malagon.es\/?attachment_id=94143'><img width=\"150\" height=\"150\" src=\"https:\/\/malagon.es\/wp-content\/uploads\/2026\/04\/672667764_1367196682100949_5031008424453392116_n-150x150.jpg\" class=\"attachment-thumbnail size-thumbnail\" alt=\"\" loading=\"lazy\" \/><\/a>\n\t\t\t<\/div><\/figure><figure class='gallery-item'>\n\t\t\t<div class='gallery-icon landscape'>\n\t\t\t\t<a href='https:\/\/malagon.es\/?attachment_id=94144'><img width=\"150\" height=\"150\" src=\"https:\/\/malagon.es\/wp-content\/uploads\/2026\/04\/674209604_1367196425434308_6876248359421581704_n-150x150.jpg\" class=\"attachment-thumbnail size-thumbnail\" alt=\"\" loading=\"lazy\" \/><\/a>\n\t\t\t<\/div><\/figure><figure class='gallery-item'>\n\t\t\t<div class='gallery-icon landscape'>\n\t\t\t\t<a href='https:\/\/malagon.es\/?attachment_id=94145'><img width=\"150\" height=\"150\" src=\"https:\/\/malagon.es\/wp-content\/uploads\/2026\/04\/672667756_1367196428767641_6478899542099468652_n-150x150.jpg\" class=\"attachment-thumbnail size-thumbnail\" alt=\"\" loading=\"lazy\" \/><\/a>\n\t\t\t<\/div><\/figure>\n\t\t<\/div>\n\n<\/div>\n<\/div>\n<\/div>\n<\/div>\n<\/div>\n<\/div>\n<\/div>\n<\/div>\n<div class=\"html-div xdj266r x14z9mp xat24cr x1lziwak xexx8yu xyri2b x18d9i69 x1c1uobl x1n2onr6\">\n<div class=\"html-div xdj266r x14z9mp xat24cr x1lziwak xexx8yu xyri2b x18d9i69 x1c1uobl x1n2onr6\">\n<div class=\"html-div xdj266r x14z9mp xat24cr x1lziwak xexx8yu xyri2b x18d9i69 x1c1uobl\">\n<div class=\"x1n2onr6\">\n<div class=\"x1n2onr6\">\n<div class=\"x6ikm8r x10wlt62 x10l6tqk\"><\/div>\n<div class=\"x6ikm8r x10wlt62 x10l6tqk\"><\/div>\n<div class=\"x6ikm8r x10wlt62 x10l6tqk\"><\/div>\n<div class=\"x6ikm8r x10wlt62 x10l6tqk\"><\/div>\n<div class=\"x6ikm8r x10wlt62 x10l6tqk\"><\/div>\n<\/div>\n<\/div>\n<\/div>\n<\/div>\n<div class=\"html-div xdj266r x14z9mp xat24cr x1lziwak xexx8yu xyri2b x18d9i69 x1c1uobl x6ikm8r x10wlt62\"><\/div>\n<\/div>\n<\/div>\n<div>\n<div class=\"x8gbvx8 x80vd3b x1q0q8m5 xso031l x8cjs6t x13fuv20 x178xt8z x78zum5 x1q0g3np x1qughib x1y1aw1k xf159sx xwib8y2 x1g0dm76\">\n<div class=\"x6s0dn4 x78zum5 x1nhvcw1\"><\/div>\n<div class=\"x78zum5 x13a6bvl\"><\/div>\n<\/div>\n<\/div>\n<div>\n<div class=\"xabvvm4 xeyy32k x1ia1hqs x1a2w583 x6ikm8r x10wlt62\" data-visualcompletion=\"ignore-dynamic\">\n<div>\n<div>\n<div>\n<div class=\"xn3w4p2 x1gslohp\">\n<div class=\"x9f619 x1ja2u2z x78zum5 x2lah0s x1n2onr6 x1qughib x6s0dn4 xozqiw3 x1q0g3np x11lfxj5 x135b78x x18d9i69 xexx8yu x4cne27 xifccgj\">\n<div class=\"x9f619 x1n2onr6 x1ja2u2z x78zum5 xdt5ytf x2lah0s x193iq5w xeuugli x10b6aqq x1yrsyyn\"><\/div>\n<div class=\"x9f619 x1n2onr6 x1ja2u2z x78zum5 xdt5ytf x2lah0s x193iq5w xeuugli x10b6aqq x1yrsyyn\"><\/div>\n<div class=\"x9f619 x1n2onr6 x1ja2u2z x78zum5 xdt5ytf x2lah0s x193iq5w xeuugli x10b6aqq x1yrsyyn\"><\/div>\n<div class=\"x9f619 x1n2onr6 x1ja2u2z xdt5ytf x2lah0s x193iq5w xeuugli x10b6aqq x1yrsyyn x6s0dn4 x78zum5 xn3w4p2 xl56j7k xvc5jky xf159sx xmzvs34\"><\/div>\n<\/div>\n<\/div>\n<\/div>\n<\/div>\n<\/div>\n<\/div>\n<\/div>\n<\/div>\n<\/div>\n<\/div>\n<div class=\"x7600vw x10l6tqk x1dquyif\" aria-hidden=\"true\" data-0=\"0\" data-1=\"1\" data-10=\"10\" data-11=\"11\" data-12=\"12\" data-13=\"13\" data-14=\"14\" data-15=\"15\" data-16=\"16\" data-17=\"17\" data-18=\"18\" data-19=\"19\" data-2=\"2\" data-3=\"3\" data-4=\"4\" data-5=\"5\" data-6=\"6\" data-7=\"7\" data-8=\"8\" data-9=\"9\"><\/div>\n","protected":false},"excerpt":{"rendered":"<p>En la jornada de ayer, el alcalde de Malag\u00f3n, Adri\u00e1n Fern\u00e1ndez Herguido, acompa\u00f1ado del concejal de Cultura y Tradiciones Populares, Afrodisio Santos Santos, y del coordinador de Cultura, Carmelo Fern\u00e1ndez Calvo, asistieron en la ciudad de Toledo a la II edici\u00f3n de los Premios Huellas de Teresa. Este acto, ya<\/p>\n","protected":false},"author":1,"featured_media":94145,"comment_status":"closed","ping_status":"open","sticky":false,"template":"","format":"standard","meta":[],"categories":[522],"tags":[],"_links":{"self":[{"href":"https:\/\/malagon.es\/index.php?rest_route=\/wp\/v2\/posts\/94135"}],"collection":[{"href":"https:\/\/malagon.es\/index.php?rest_route=\/wp\/v2\/posts"}],"about":[{"href":"https:\/\/malagon.es\/index.php?rest_route=\/wp\/v2\/types\/post"}],"author":[{"embeddable":true,"href":"https:\/\/malagon.es\/index.php?rest_route=\/wp\/v2\/users\/1"}],"replies":[{"embeddable":true,"href":"https:\/\/malagon.es\/index.php?rest_route=%2Fwp%2Fv2%2Fcomments&post=94135"}],"version-history":[{"count":3,"href":"https:\/\/malagon.es\/index.php?rest_route=\/wp\/v2\/posts\/94135\/revisions"}],"predecessor-version":[{"id":94148,"href":"https:\/\/malagon.es\/index.php?rest_route=\/wp\/v2\/posts\/94135\/revisions\/94148"}],"wp:featuredmedia":[{"embeddable":true,"href":"https:\/\/malagon.es\/index.php?rest_route=\/wp\/v2\/media\/94145"}],"wp:attachment":[{"href":"https:\/\/malagon.es\/index.php?rest_route=%2Fwp%2Fv2%2Fmedia&parent=94135"}],"wp:term":[{"taxonomy":"category","embeddable":true,"href":"https:\/\/malagon.es\/index.php?rest_route=%2Fwp%2Fv2%2Fcategories&post=94135"},{"taxonomy":"post_tag","embeddable":true,"href":"https:\/\/malagon.es\/index.php?rest_route=%2Fwp%2Fv2%2Ftags&post=94135"}],"curies":[{"name":"wp","href":"https:\/\/api.w.org\/{rel}","templated":true}]}}