{"id":94128,"date":"2026-04-16T10:10:02","date_gmt":"2026-04-16T08:10:02","guid":{"rendered":"https:\/\/malagon.es\/?p=94128"},"modified":"2026-04-16T10:34:38","modified_gmt":"2026-04-16T08:34:38","slug":"enhorabuena-al-ies-estados-del-duque-por-su-victoria-en-las-ii-olimpiadas-de-historia","status":"publish","type":"post","link":"https:\/\/malagon.es\/?p=94128","title":{"rendered":"Enhorabuena al IES Estados del Duque por su victoria en las II Olimpiadas de Historia"},"content":{"rendered":"<div class=\"x14z9mp xat24cr x1lziwak x1vvkbs xtlvy1s x126k92a\">\n<div dir=\"auto\" style=\"text-align: center;\"><\/div>\n<div dir=\"auto\" style=\"text-align: center;\"><img loading=\"lazy\" class=\"alignnone wp-image-94130 size-large\" src=\"https:\/\/malagon.es\/wp-content\/uploads\/2026\/04\/1oIES-Estados-del-Duque-Malag-1320x2346-1-copia-576x1024.jpg\" alt=\"\" width=\"576\" height=\"1024\" srcset=\"https:\/\/malagon.es\/wp-content\/uploads\/2026\/04\/1oIES-Estados-del-Duque-Malag-1320x2346-1-copia-576x1024.jpg 576w, https:\/\/malagon.es\/wp-content\/uploads\/2026\/04\/1oIES-Estados-del-Duque-Malag-1320x2346-1-copia-169x300.jpg 169w, https:\/\/malagon.es\/wp-content\/uploads\/2026\/04\/1oIES-Estados-del-Duque-Malag-1320x2346-1-copia-768x1365.jpg 768w, https:\/\/malagon.es\/wp-content\/uploads\/2026\/04\/1oIES-Estados-del-Duque-Malag-1320x2346-1-copia-864x1536.jpg 864w, https:\/\/malagon.es\/wp-content\/uploads\/2026\/04\/1oIES-Estados-del-Duque-Malag-1320x2346-1-copia-1152x2048.jpg 1152w, https:\/\/malagon.es\/wp-content\/uploads\/2026\/04\/1oIES-Estados-del-Duque-Malag-1320x2346-1-copia.jpg 1320w\" sizes=\"(max-width: 576px) 100vw, 576px\" \/><\/div>\n<div dir=\"auto\">Desde la Concejal\u00eda de Educaci\u00f3n del Ayuntamiento de Malag\u00f3n queremos trasladar nuestra m\u00e1s sincera felicitaci\u00f3n al alumnado del IES Estados del Duque por el brillante logro alcanzado al proclamarse vencedor en las II Olimpiadas de Historia, celebradas en la Facultad de Letras de la Universidad de Castilla-La Mancha. <span class=\"html-span xexx8yu xyri2b x18d9i69 x1c1uobl x1hl2dhg x16tdsg8 x1vvkbs x3nfvp2 x1j61x8r x1fcty0u xdj266r xat24cr xm2jcoa x1mpyi22 xxymvpz xlup9mm x1kky2od\"><img loading=\"lazy\" class=\"xz74otr x15mokao x1ga7v0g x16uus16 xbiv7yw\" src=\"https:\/\/static.xx.fbcdn.net\/images\/emoji.php\/v9\/tca\/3\/16\/1f389.png\" alt=\"\" width=\"16\" height=\"16\" \/><\/span><\/div>\n<div dir=\"auto\"><\/div>\n<\/div>\n<div class=\"x14z9mp xat24cr x1lziwak x1vvkbs xtlvy1s x126k92a\">\n<div dir=\"auto\">Este importante reconocimiento es fruto del esfuerzo, la dedicaci\u00f3n y el compromiso con el aprendizaje demostrados por nuestros j\u00f3venes, as\u00ed como del excelente trabajo del equipo docente que les acompa\u00f1a en su formaci\u00f3n acad\u00e9mica y personal. <span class=\"html-span xexx8yu xyri2b x18d9i69 x1c1uobl x1hl2dhg x16tdsg8 x1vvkbs x3nfvp2 x1j61x8r x1fcty0u xdj266r xat24cr xm2jcoa x1mpyi22 xxymvpz xlup9mm x1kky2od\"><img loading=\"lazy\" class=\"xz74otr x15mokao x1ga7v0g x16uus16 xbiv7yw\" src=\"https:\/\/static.xx.fbcdn.net\/images\/emoji.php\/v9\/t87\/3\/16\/1f4da.png\" alt=\"\" width=\"16\" height=\"16\" \/><\/span><\/div>\n<div dir=\"auto\"><\/div>\n<\/div>\n<div class=\"x14z9mp xat24cr x1lziwak x1vvkbs xtlvy1s x126k92a\">\n<div dir=\"auto\">Nuestros chicos han mostrado un alt\u00edsimo nivel en una competici\u00f3n en la que han participado 186 estudiantes y m\u00e1s de 60 docentes procedentes de distintos centros educativos de toda nuestra regi\u00f3n; algo que pone a\u00fan m\u00e1s en valor este primer puesto conseguido tras una final muy disputada. <span class=\"html-span xexx8yu xyri2b x18d9i69 x1c1uobl x1hl2dhg x16tdsg8 x1vvkbs x3nfvp2 x1j61x8r x1fcty0u xdj266r xat24cr xm2jcoa x1mpyi22 xxymvpz xlup9mm x1kky2od\"><img loading=\"lazy\" class=\"xz74otr x15mokao x1ga7v0g x16uus16 xbiv7yw\" src=\"https:\/\/static.xx.fbcdn.net\/images\/emoji.php\/v9\/tfc\/3\/16\/1f3c6.png\" alt=\"\" width=\"16\" height=\"16\" \/><\/span><\/div>\n<div dir=\"auto\"><\/div>\n<\/div>\n<div class=\"x14z9mp xat24cr x1lziwak x1vvkbs xtlvy1s x126k92a\">\n<div dir=\"auto\">Durante este encuentro, un total de 62 equipos se enfrentaron en un formato din\u00e1mico e innovador, inspirado en concursos televisivos, con pruebas relacionadas con la Historia y la cultura general. Los alumnos de Malag\u00f3n tuvieron que superar retos contrarreloj, ejercicios de agilidad mental y distintas din\u00e1micas participativas a lo largo de varias fases clasificatoria, repesca, semifinales y final, demostrando en todo momento un alto nivel de preparaci\u00f3n, trabajo en equipo y capacidad de superaci\u00f3n. <span class=\"html-span xexx8yu xyri2b x18d9i69 x1c1uobl x1hl2dhg x16tdsg8 x1vvkbs x3nfvp2 x1j61x8r x1fcty0u xdj266r xat24cr xm2jcoa x1mpyi22 xxymvpz xlup9mm x1kky2od\"><img loading=\"lazy\" class=\"xz74otr x15mokao x1ga7v0g x16uus16 xbiv7yw\" src=\"https:\/\/static.xx.fbcdn.net\/images\/emoji.php\/v9\/tba\/3\/16\/1f9e0.png\" alt=\"\" width=\"16\" height=\"16\" \/><\/span><\/div>\n<div dir=\"auto\"><\/div>\n<\/div>\n<div class=\"x14z9mp xat24cr x1lziwak x1vvkbs xtlvy1s x126k92a\">\n<div dir=\"auto\">Este \u00e9xito no solo es motivo de orgullo para el Instituto de Ense\u00f1anza \u201cEstados del Duque de Malag\u00f3n\u201d, sino tambi\u00e9n para todo el municipio de Malag\u00f3n, que ve reconocida la excelencia de nuestros estudiantes y su apuesta por una educaci\u00f3n de calidad. <span class=\"html-span xexx8yu xyri2b x18d9i69 x1c1uobl x1hl2dhg x16tdsg8 x1vvkbs x3nfvp2 x1j61x8r x1fcty0u xdj266r xat24cr xm2jcoa x1mpyi22 xxymvpz xlup9mm x1kky2od\"><img loading=\"lazy\" class=\"xz74otr x15mokao x1ga7v0g x16uus16 xbiv7yw\" src=\"https:\/\/static.xx.fbcdn.net\/images\/emoji.php\/v9\/t1e\/3\/16\/1f31f.png\" alt=\"\" width=\"16\" height=\"16\" \/><\/span><\/div>\n<div dir=\"auto\"><\/div>\n<\/div>\n<div class=\"x14z9mp xat24cr x1lziwak x1vvkbs xtlvy1s x126k92a\">\n<div dir=\"auto\">Vaya desde aqu\u00ed, nuestra m\u00e1s sincera enhorabuena, junto con el deseo de que este logro sea un est\u00edmulo para continu\u00e9is alcanzando nuevas metas en vuestro futuro acad\u00e9mico y personal. <span class=\"html-span xexx8yu xyri2b x18d9i69 x1c1uobl x1hl2dhg x16tdsg8 x1vvkbs x3nfvp2 x1j61x8r x1fcty0u xdj266r xat24cr xm2jcoa x1mpyi22 xxymvpz xlup9mm x1kky2od\"><img loading=\"lazy\" class=\"xz74otr x15mokao x1ga7v0g x16uus16 xbiv7yw\" src=\"https:\/\/static.xx.fbcdn.net\/images\/emoji.php\/v9\/t4\/3\/16\/1f680.png\" alt=\"\" width=\"16\" height=\"16\" \/><\/span><\/div>\n<div dir=\"auto\"><\/div>\n<\/div>\n","protected":false},"excerpt":{"rendered":"<p>Desde la Concejal\u00eda de Educaci\u00f3n del Ayuntamiento de Malag\u00f3n queremos trasladar nuestra m\u00e1s sincera felicitaci\u00f3n al alumnado del IES Estados del Duque por el brillante logro alcanzado al proclamarse vencedor en las II Olimpiadas de Historia, celebradas en la Facultad de Letras de la Universidad de Castilla-La Mancha. Este importante<\/p>\n","protected":false},"author":1,"featured_media":94130,"comment_status":"closed","ping_status":"open","sticky":false,"template":"","format":"standard","meta":[],"categories":[522],"tags":[],"_links":{"self":[{"href":"https:\/\/malagon.es\/index.php?rest_route=\/wp\/v2\/posts\/94128"}],"collection":[{"href":"https:\/\/malagon.es\/index.php?rest_route=\/wp\/v2\/posts"}],"about":[{"href":"https:\/\/malagon.es\/index.php?rest_route=\/wp\/v2\/types\/post"}],"author":[{"embeddable":true,"href":"https:\/\/malagon.es\/index.php?rest_route=\/wp\/v2\/users\/1"}],"replies":[{"embeddable":true,"href":"https:\/\/malagon.es\/index.php?rest_route=%2Fwp%2Fv2%2Fcomments&post=94128"}],"version-history":[{"count":1,"href":"https:\/\/malagon.es\/index.php?rest_route=\/wp\/v2\/posts\/94128\/revisions"}],"predecessor-version":[{"id":94131,"href":"https:\/\/malagon.es\/index.php?rest_route=\/wp\/v2\/posts\/94128\/revisions\/94131"}],"wp:featuredmedia":[{"embeddable":true,"href":"https:\/\/malagon.es\/index.php?rest_route=\/wp\/v2\/media\/94130"}],"wp:attachment":[{"href":"https:\/\/malagon.es\/index.php?rest_route=%2Fwp%2Fv2%2Fmedia&parent=94128"}],"wp:term":[{"taxonomy":"category","embeddable":true,"href":"https:\/\/malagon.es\/index.php?rest_route=%2Fwp%2Fv2%2Fcategories&post=94128"},{"taxonomy":"post_tag","embeddable":true,"href":"https:\/\/malagon.es\/index.php?rest_route=%2Fwp%2Fv2%2Ftags&post=94128"}],"curies":[{"name":"wp","href":"https:\/\/api.w.org\/{rel}","templated":true}]}}