{"id":93400,"date":"2026-03-06T14:15:42","date_gmt":"2026-03-06T13:15:42","guid":{"rendered":"https:\/\/malagon.es\/?p=93400"},"modified":"2026-03-06T14:27:41","modified_gmt":"2026-03-06T13:27:41","slug":"93400","status":"publish","type":"post","link":"https:\/\/malagon.es\/?p=93400","title":{"rendered":"El alcalde de Malag\u00f3n, Adri\u00e1n Fern\u00e1ndez Herguido, contin\u00faa desarrollando una intensa agenda institucional durante su viaje a China dentro de la misi\u00f3n internacional que varios alcaldes de la provincia est\u00e1n llevando a cabo en el pa\u00eds asi\u00e1tico.  Se trata de un viaje especialmente productivo que est\u00e1 permitiendo abrir nuevas v\u00edas de colaboraci\u00f3n y, al mismo tiempo, dar a conocer el potencial cultural, econ\u00f3mico, agroalimentario y energ\u00e9tico de Malag\u00f3n"},"content":{"rendered":"<p data-start=\"0\" data-end=\"538\"><strong>El alcalde de Malag\u00f3n, Adri\u00e1n Fern\u00e1ndez Herguido, contin\u00faa desarrollando una intensa agenda institucional durante su viaje a China dentro de la misi\u00f3n internacional que varios alcaldes de la provincia est\u00e1n llevando a cabo en el pa\u00eds asi\u00e1tico. &#x1f30d;&#x1f91d; Se trata de un viaje especialmente productivo que est\u00e1 permitiendo abrir nuevas v\u00edas de colaboraci\u00f3n y, al mismo tiempo, dar a conocer el potencial cultural, econ\u00f3mico, agroalimentario y energ\u00e9tico de Malag\u00f3n y de la provincia en un escenario internacional de gran relevancia.\u00a0<\/strong><\/p>\n<p data-start=\"540\" data-end=\"982\">En la jornada de ayer, Adri\u00e1n Fern\u00e1ndez intervino en un encuentro institucional celebrado en la ciudad de Chengdu, capital de la provincia de Sichuan.\u00a0 En dicho encuentro participaron distintas autoridades del departamento provincial, entre ellas representantes del Departamento Internacional del Comit\u00e9 Central, responsables del Departamento Provincial de Asuntos Exteriores y alcaldes y vicealcaldes de diversas ciudades de la regi\u00f3n. &#x1f465;<\/p>\n<p data-start=\"984\" data-end=\"1215\">Durante su intervenci\u00f3n, nuestro alcalde expuso ante los representantes institucionales chinos las principales fortalezas econ\u00f3micas y productivas de la provincia de Ciudad Real y, de manera especial, del municipio de Malag\u00f3n. &#x1f4ca;&#x1f30d;<\/p>\n<p data-start=\"1217\" data-end=\"1475\">Su exposici\u00f3n se centr\u00f3 en dos grandes \u00e1mbitos estrat\u00e9gicos: el desarrollo de las energ\u00edas renovables como fuente energ\u00e9tica alternativa y el papel de la industria de transformaci\u00f3n agroalimentaria como motor del sector primario y del desarrollo rural. &#x1f331;&#x1f3ed;<\/p>\n<p data-start=\"1477\" data-end=\"1995\">Adri\u00e1n explic\u00f3 que la provincia de Ciudad Real es una tierra profundamente vinculada al campo, donde la agricultura no solo forma parte del paisaje, sino tambi\u00e9n de la identidad y de la econom\u00eda de nuestro territorio. &#x1f69c; En este sentido, destac\u00f3 la calidad y el prestigio internacional de algunos de los productos m\u00e1s representativos de la zona, como el aceite de oliva, al que se refiri\u00f3 como el \u201coro l\u00edquido\u201d, pieza fundamental de la dieta mediterr\u00e1nea y uno de los pilares de la cultura gastron\u00f3mica espa\u00f1ola. &#x1fad2;&#x2728;<\/p>\n<p data-start=\"1997\" data-end=\"2252\">Junto al aceite, tambi\u00e9n puso en valor el vino, fruto de una larga tradici\u00f3n vitivin\u00edcola en la regi\u00f3n, as\u00ed como el queso manchego, elaborado con leche de oveja y reconocido en numerosos mercados internacionales por su calidad y sabor caracter\u00edstico. &#x1f9c0;<\/p>\n<p data-start=\"2254\" data-end=\"2699\">De forma especial, el alcalde quiso resaltar un producto \u00fanico del municipio: <strong data-start=\"2332\" data-end=\"2362\">la Jud\u00eda Pinesa de Malag\u00f3n<\/strong>, una legumbre excepcional que se cultiva exclusivamente en nuestro pueblo y que constituye uno de los mayores s\u00edmbolos de identidad agr\u00edcola del municipio. &#x1f331; Este producto, conocido como el \u201coro blanco de Malag\u00f3n\u201d, representa el valor de lo local y la singularidad de los productos tradicionales en un mercado cada vez m\u00e1s global.<\/p>\n<p data-start=\"2701\" data-end=\"3040\">Durante su exposici\u00f3n, Adri\u00e1n Fern\u00e1ndez tambi\u00e9n subray\u00f3 la importancia del modelo cooperativo en la provincia, una f\u00f3rmula basada en la colaboraci\u00f3n entre agricultores que permite producir, transformar y comercializar los productos bajo una misma estructura empresarial, fortaleciendo as\u00ed la econom\u00eda local y el arraigo al territorio. &#x1f33e;<\/p>\n<p data-start=\"3042\" data-end=\"3448\">Asimismo, destac\u00f3 el importante desarrollo que est\u00e1 experimentando la provincia en el \u00e1mbito de las energ\u00edas renovables, gracias a sus excelentes condiciones naturales para la generaci\u00f3n de energ\u00eda e\u00f3lica y solar. En este sentido, defendi\u00f3 la apuesta por un modelo energ\u00e9tico sostenible, capaz de generar oportunidades econ\u00f3micas al mismo tiempo que contribuye a la protecci\u00f3n del medio ambiente. &#x267b;&#xfe0f;<\/p>\n<p data-start=\"3450\" data-end=\"3939\" data-is-last-node=\"\" data-is-only-node=\"\">Los diferentes encuentros institucionales est\u00e1n permitiendo reforzar las relaciones de cooperaci\u00f3n con China y explorar nuevas oportunidades de colaboraci\u00f3n en sectores clave como el turismo y la cultura, la agroalimentaci\u00f3n, la innovaci\u00f3n energ\u00e9tica y el desarrollo empresarial. \u00a0Una labor diplom\u00e1tica y de promoci\u00f3n econ\u00f3mica que refleja el compromiso del alcalde por situar a Malag\u00f3n en el escenario internacional y por abrir nuevas oportunidades de futuro para el municipio. &#x1f680;<\/p>\n<div id='gallery-1' class='gallery galleryid-93400 gallery-columns-3 gallery-size-thumbnail'><figure class='gallery-item'>\n\t\t\t<div class='gallery-icon landscape'>\n\t\t\t\t<a href='https:\/\/malagon.es\/?attachment_id=93401'><img width=\"150\" height=\"150\" src=\"https:\/\/malagon.es\/wp-content\/uploads\/2026\/03\/WhatsApp-Image-2026-03-06-at-09.11.14-5-150x150.jpeg\" class=\"attachment-thumbnail size-thumbnail\" alt=\"\" loading=\"lazy\" \/><\/a>\n\t\t\t<\/div><\/figure><figure class='gallery-item'>\n\t\t\t<div class='gallery-icon portrait'>\n\t\t\t\t<a href='https:\/\/malagon.es\/?attachment_id=93402'><img width=\"150\" height=\"150\" src=\"https:\/\/malagon.es\/wp-content\/uploads\/2026\/03\/WhatsApp-Image-2026-03-06-at-09.11.14-4-150x150.jpeg\" class=\"attachment-thumbnail size-thumbnail\" alt=\"\" loading=\"lazy\" \/><\/a>\n\t\t\t<\/div><\/figure><figure class='gallery-item'>\n\t\t\t<div class='gallery-icon landscape'>\n\t\t\t\t<a href='https:\/\/malagon.es\/?attachment_id=93403'><img width=\"150\" height=\"150\" src=\"https:\/\/malagon.es\/wp-content\/uploads\/2026\/03\/WhatsApp-Image-2026-03-06-at-09.11.14-3-150x150.jpeg\" class=\"attachment-thumbnail size-thumbnail\" alt=\"\" loading=\"lazy\" \/><\/a>\n\t\t\t<\/div><\/figure><figure class='gallery-item'>\n\t\t\t<div class='gallery-icon landscape'>\n\t\t\t\t<a href='https:\/\/malagon.es\/?attachment_id=93404'><img width=\"150\" height=\"150\" src=\"https:\/\/malagon.es\/wp-content\/uploads\/2026\/03\/WhatsApp-Image-2026-03-06-at-09.11.14-2-150x150.jpeg\" class=\"attachment-thumbnail size-thumbnail\" alt=\"\" loading=\"lazy\" \/><\/a>\n\t\t\t<\/div><\/figure><figure class='gallery-item'>\n\t\t\t<div class='gallery-icon portrait'>\n\t\t\t\t<a href='https:\/\/malagon.es\/?attachment_id=93405'><img width=\"150\" height=\"150\" src=\"https:\/\/malagon.es\/wp-content\/uploads\/2026\/03\/WhatsApp-Image-2026-03-06-at-09.11.14-1-150x150.jpeg\" class=\"attachment-thumbnail size-thumbnail\" alt=\"\" loading=\"lazy\" \/><\/a>\n\t\t\t<\/div><\/figure><figure class='gallery-item'>\n\t\t\t<div class='gallery-icon portrait'>\n\t\t\t\t<a href='https:\/\/malagon.es\/?attachment_id=93406'><img width=\"150\" height=\"150\" src=\"https:\/\/malagon.es\/wp-content\/uploads\/2026\/03\/WhatsApp-Image-2026-03-06-at-09.11.14-150x150.jpeg\" class=\"attachment-thumbnail size-thumbnail\" alt=\"\" loading=\"lazy\" \/><\/a>\n\t\t\t<\/div><\/figure>\n\t\t<\/div>\n\n","protected":false},"excerpt":{"rendered":"<p>El alcalde de Malag\u00f3n, Adri\u00e1n Fern\u00e1ndez Herguido, contin\u00faa desarrollando una intensa agenda institucional durante su viaje a China dentro de la misi\u00f3n internacional que varios alcaldes de la provincia est\u00e1n llevando a cabo en el pa\u00eds asi\u00e1tico. &#x1f30d;&#x1f91d; Se trata de un viaje especialmente productivo que est\u00e1 permitiendo abrir nuevas<\/p>\n","protected":false},"author":1,"featured_media":93406,"comment_status":"closed","ping_status":"open","sticky":false,"template":"","format":"standard","meta":[],"categories":[522],"tags":[],"_links":{"self":[{"href":"https:\/\/malagon.es\/index.php?rest_route=\/wp\/v2\/posts\/93400"}],"collection":[{"href":"https:\/\/malagon.es\/index.php?rest_route=\/wp\/v2\/posts"}],"about":[{"href":"https:\/\/malagon.es\/index.php?rest_route=\/wp\/v2\/types\/post"}],"author":[{"embeddable":true,"href":"https:\/\/malagon.es\/index.php?rest_route=\/wp\/v2\/users\/1"}],"replies":[{"embeddable":true,"href":"https:\/\/malagon.es\/index.php?rest_route=%2Fwp%2Fv2%2Fcomments&post=93400"}],"version-history":[{"count":3,"href":"https:\/\/malagon.es\/index.php?rest_route=\/wp\/v2\/posts\/93400\/revisions"}],"predecessor-version":[{"id":93409,"href":"https:\/\/malagon.es\/index.php?rest_route=\/wp\/v2\/posts\/93400\/revisions\/93409"}],"wp:featuredmedia":[{"embeddable":true,"href":"https:\/\/malagon.es\/index.php?rest_route=\/wp\/v2\/media\/93406"}],"wp:attachment":[{"href":"https:\/\/malagon.es\/index.php?rest_route=%2Fwp%2Fv2%2Fmedia&parent=93400"}],"wp:term":[{"taxonomy":"category","embeddable":true,"href":"https:\/\/malagon.es\/index.php?rest_route=%2Fwp%2Fv2%2Fcategories&post=93400"},{"taxonomy":"post_tag","embeddable":true,"href":"https:\/\/malagon.es\/index.php?rest_route=%2Fwp%2Fv2%2Ftags&post=93400"}],"curies":[{"name":"wp","href":"https:\/\/api.w.org\/{rel}","templated":true}]}}